{"id":4523,"date":"2015-10-16T13:52:27","date_gmt":"2015-10-16T13:52:27","guid":{"rendered":"http:\/\/www.areadeluxe.com\/?p=3255"},"modified":"2021-06-01T01:54:18","modified_gmt":"2021-06-01T01:54:18","slug":"cortinas-o-estores-enrollables-que-se-adhieren-al-marco-de-la-ventana-o-puerta","status":"publish","type":"post","link":"https:\/\/www.areadeluxe.com\/es\/blog\/decoracion-interior\/cortinas-o-estores-enrollables-que-se-adhieren-al-marco-de-la-ventana-o-puerta\/","title":{"rendered":"Cortinas o estores enrollables que se adhieren al marco de la ventana o puerta"},"content":{"rendered":"<p align=\"center\"><b>&nbsp;<\/b><\/p>\n<p><b>\u00bfQue \u00e9s?<\/b><\/p>\n<p>La enrollable Fit\u00ae o Stor Glass\u00ae es un sistema enrollable con caj\u00f3n de reducidas dimensiones y gu\u00edas laterales. La tela se desliza a trav\u00e9s de estas gu\u00edas de aluminio que van adheridas directamente a la propia ventana o puerta acristalada sin necesidad de tornillos.<\/p>\n<p>Este tipo de cortina o estor permite optimizar el lugar donde va a ser instalada ya que su sistema va integrado en la misma hoja de la ventana lo que permite una c\u00f3moda apertura.<\/p>\n<p>La enrollable Fit o estor glass, cuenta con dos tipos de gu\u00edas laterales dise\u00f1adas para adaptarse a diferentes tipos de molduras, travesa\u00f1os u otros elementos del marco de la puerta o ventana. Y de un terminal con burlete blando en la parte inferior que realiza el cierre sobre la superficie del marco, facilitando la acci\u00f3n semi-ocultante con la gu\u00eda Plana.<\/p>\n<p>&nbsp;<\/p>\n<figure id=\"attachment_3256\" aria-describedby=\"caption-attachment-3256\" style=\"width: 352px\" class=\"wp-caption aligncenter\"><a href=\"http:\/\/www.areadeluxe.com\/wp-content\/uploads\/Fit-1-e1444995061910.jpg\"><img loading=\"lazy\" class=\"size-full wp-image-3256\" alt=\"Enrollable que se adhiere al marco de la puerta o ventana\" src=\"http:\/\/www.areadeluxe.com\/wp-content\/uploads\/Fit-1-e1444995061910.jpg\" width=\"352\" height=\"296\"><\/a><figcaption id=\"caption-attachment-3256\" class=\"wp-caption-text\">Enrollable que se adhiere al marco de la puerta o ventana<\/figcaption><\/figure>\n<p><b>Ventajas<\/b><\/p>\n<p>&#8211; Se integra directamente sobre el marco de la puerta acristalada o ventana<\/p>\n<p>&#8211; Gracias al adhesivo ultra resistente 3M, se adhiere el caj\u00f3n y las gu\u00edas sobre la perfiler\u00eda, evitando agujerear ni perforar<\/p>\n<p>&#8211; Si es con Gu\u00eda Plana: Est\u00e1 indicada para superficies totalmente planas, sin molduras ni travesa\u00f1os. Se integra totalmente en el marco, aportando un acabado est\u00e9tico neutro de f\u00e1cil combinaci\u00f3n con cualquier estilo decorativo<\/p>\n<p>&#8211; Si es con gu\u00eda \u201cU\u201d: Este sistema de gu\u00eda permite la aplicaci\u00f3n en marcos que tengan peque\u00f1as molduras o travesa\u00f1os en la parte acristalada con superficie plana. No requiere tanta precisi\u00f3n en la toma de medidas<\/p>\n<p>&#8211; Soluci\u00f3n para diversidad de situaciones, desde oscurecer una estancia hasta conseguir una filtraci\u00f3n de luz \u00f3ptima con visibilidad hacia el exterior<\/p>\n<p>&#8211; Puede aportar una opacidad casi total, gracias a la gama de tejidos Blackouts, en diferentes colores y texturas, y el sistema de gu\u00edas laterales.<\/p>\n<p>&#8211; La gama de tres colores disponibles se adaptan con facilidad a los colores m\u00e1s populares de marcos de puertas acristaladas y ventanas, proporcionando una combinaci\u00f3n unificada.<\/p>\n<p><b>&nbsp;<\/b><\/p>\n<figure id=\"attachment_3259\" aria-describedby=\"caption-attachment-3259\" style=\"width: 248px\" class=\"wp-caption aligncenter\"><a href=\"http:\/\/www.areadeluxe.com\/wp-content\/uploads\/Stor-Glass-3-e1444995326489.jpg\"><img loading=\"lazy\" class=\"size-full wp-image-3259\" alt=\"Cortina Enrollable Fit o Stor Glass\" src=\"http:\/\/www.areadeluxe.com\/wp-content\/uploads\/Stor-Glass-3-e1444995326489.jpg\" width=\"248\" height=\"296\"><\/a><figcaption id=\"caption-attachment-3259\" class=\"wp-caption-text\">Cortina Enrollable Fit o Stor Glass: Se adhiere al marco<\/figcaption><\/figure>\n<p><b>Instalaci\u00f3n sencill\u00edsima y ultra-r\u00e1pida que puedes hacer t\u00fa mismo<\/b><\/p>\n<p>Permite una instalaci\u00f3n sin necesidad de tornillos ni agujeros en el marco de la ventana o puerta, &nbsp;gracias a su sistema de cinta adhesiva 3M resistente hasta 120\u00b0 de temperatura y apto para cualquier tipo de superficie.<\/p>\n<p>Esto permite que uno mismo se la pueda instalar en casa sin necesidad de ser \u201cun manitas\u201d o de un instalador.<\/p>\n<p>&nbsp;<\/p>\n<figure id=\"attachment_3262\" aria-describedby=\"caption-attachment-3262\" style=\"width: 294px\" class=\"wp-caption aligncenter\"><a href=\"http:\/\/www.areadeluxe.com\/wp-content\/uploads\/Fit-2-e1444995678876.jpg\"><img loading=\"lazy\" class=\"size-full wp-image-3262\" alt=\"F\u00e1cil instalaci\u00f3n\" src=\"http:\/\/www.areadeluxe.com\/wp-content\/uploads\/Fit-2-e1444995678876.jpg\" width=\"294\" height=\"296\"><\/a><figcaption id=\"caption-attachment-3262\" class=\"wp-caption-text\">Enrollable que se adhiere a la ventana<\/figcaption><\/figure>\n<p><b>Toma de medidas<\/b><\/p>\n<p>La toma de medidas de esta enrollable adherente es sencill\u00edsima, por lo que la puedes hacer tu mismo. Solo necesitas un metro y seguir las siguientes instrucciones:<\/p>\n<p>&nbsp;<\/p>\n<figure id=\"attachment_3265\" aria-describedby=\"caption-attachment-3265\" style=\"width: 243px\" class=\"wp-caption aligncenter\"><a href=\"http:\/\/www.areadeluxe.com\/wp-content\/uploads\/Toma-medidas-Fit-gu\u00eda-plana-e1444995791209.jpg\"><img loading=\"lazy\" class=\"size-full wp-image-3265\" alt=\"Toma medidas: con gu\u00eda plana\" src=\"http:\/\/www.areadeluxe.com\/wp-content\/uploads\/Toma-medidas-Fit-gu\u00eda-plana-e1444995791209.jpg\" width=\"243\" height=\"320\"><\/a><figcaption id=\"caption-attachment-3265\" class=\"wp-caption-text\">Toma medidas: con gu\u00eda plana<\/figcaption><\/figure>\n<p>&nbsp;<\/p>\n<figure id=\"attachment_3268\" aria-describedby=\"caption-attachment-3268\" style=\"width: 244px\" class=\"wp-caption aligncenter\"><a href=\"http:\/\/www.areadeluxe.com\/wp-content\/uploads\/Toma-medidas-Fit-gu\u00eda-U-e1444995891690.jpg\"><img loading=\"lazy\" class=\"size-full wp-image-3268\" alt=\"Toma medidas: con Gu\u00eda U\" src=\"http:\/\/www.areadeluxe.com\/wp-content\/uploads\/Toma-medidas-Fit-gu\u00eda-U-e1444995891690.jpg\" width=\"244\" height=\"320\"><\/a><figcaption id=\"caption-attachment-3268\" class=\"wp-caption-text\">Toma medidas: con gu\u00eda U<\/figcaption><\/figure>\n<p><b>Sistema para ni\u00f1os<\/b><\/p>\n<p>La suministramos siempre con el sistema Child Safety que permite sujetar la cadena a la pared de forma permanente, evitando el contacto de la misma con los ni\u00f1os.<\/p>\n<p>&nbsp;<\/p>\n<p>&nbsp;<\/p>\n<p>&nbsp;<\/p>\n<p>&nbsp;<\/p>\n<p>&nbsp;<\/p>\n","protected":false},"excerpt":{"rendered":"<p>&nbsp; \u00bfQue \u00e9s? La enrollable Fit\u00ae o Stor Glass\u00ae es un sistema enrollable con caj\u00f3n de reducidas dimensiones y gu\u00edas laterales. La tela se desliza a trav\u00e9s de estas gu\u00edas de aluminio que van adheridas directamente a la propia ventana o puerta acristalada sin necesidad de tornillos. Este tipo de cortina o estor permite optimizar [&hellip;]<\/p>\n","protected":false},"author":1,"featured_media":3059,"comment_status":"open","ping_status":"open","sticky":false,"template":"","format":"standard","meta":[],"categories":[37],"tags":[],"yoast_head":"<!-- This site is optimized with the Yoast SEO plugin v16.4 - https:\/\/yoast.com\/wordpress\/plugins\/seo\/ -->\n<title>Cortinas o estores enrollables que se adhieren al marco de la ventana o puerta | \u00c1rea Deluxe<\/title>\n<meta name=\"robots\" content=\"index, follow, max-snippet:-1, max-image-preview:large, max-video-preview:-1\" \/>\n<link rel=\"canonical\" href=\"https:\/\/www.areadeluxe.com\/es\/blog\/decoracion-interior\/cortinas-o-estores-enrollables-que-se-adhieren-al-marco-de-la-ventana-o-puerta\/\" \/>\n<meta property=\"og:locale\" content=\"es_ES\" \/>\n<meta property=\"og:type\" content=\"article\" \/>\n<meta property=\"og:title\" content=\"Cortinas o estores enrollables que se adhieren al marco de la ventana o puerta | \u00c1rea Deluxe\" \/>\n<meta property=\"og:description\" content=\"&nbsp; \u00bfQue \u00e9s? La enrollable Fit\u00ae o Stor Glass\u00ae es un sistema enrollable con caj\u00f3n de reducidas dimensiones y gu\u00edas laterales. La tela se desliza a trav\u00e9s de estas gu\u00edas de aluminio que van adheridas directamente a la propia ventana o puerta acristalada sin necesidad de tornillos. Este tipo de cortina o estor permite optimizar [&hellip;]\" \/>\n<meta property=\"og:url\" content=\"https:\/\/www.areadeluxe.com\/es\/blog\/decoracion-interior\/cortinas-o-estores-enrollables-que-se-adhieren-al-marco-de-la-ventana-o-puerta\/\" \/>\n<meta property=\"og:site_name\" content=\"\u00c1rea Deluxe\" \/>\n<meta property=\"article:published_time\" content=\"2015-10-16T13:52:27+00:00\" \/>\n<meta property=\"article:modified_time\" content=\"2021-06-01T01:54:18+00:00\" \/>\n<meta property=\"og:image\" content=\"http:\/\/www.areadeluxe.com\/wp-content\/uploads\/2021\/04\/Fit-3-e1444996195673.jpg\" \/>\n\t<meta property=\"og:image:width\" content=\"298\" \/>\n\t<meta property=\"og:image:height\" content=\"296\" \/>\n<meta name=\"twitter:card\" content=\"summary_large_image\" \/>\n<meta name=\"twitter:label1\" content=\"Tiempo de lectura\" \/>\n\t<meta name=\"twitter:data1\" content=\"4 minutos\" \/>\n<script type=\"application\/ld+json\" class=\"yoast-schema-graph\">{\"@context\":\"https:\/\/schema.org\",\"@graph\":[{\"@type\":\"Organization\",\"@id\":\"https:\/\/www.areadeluxe.com\/es\/#organization\",\"name\":\"\\u00c1rea Deluxe\",\"url\":\"https:\/\/www.areadeluxe.com\/es\/\",\"sameAs\":[],\"logo\":{\"@type\":\"ImageObject\",\"@id\":\"https:\/\/www.areadeluxe.com\/es\/#logo\",\"inLanguage\":\"es\",\"url\":\"http:\/\/www.areadeluxe.com\/wp-content\/uploads\/2021\/03\/LOGO.png\",\"contentUrl\":\"http:\/\/www.areadeluxe.com\/wp-content\/uploads\/2021\/03\/LOGO.png\",\"width\":343,\"height\":106,\"caption\":\"\\u00c1rea Deluxe\"},\"image\":{\"@id\":\"https:\/\/www.areadeluxe.com\/es\/#logo\"}},{\"@type\":\"WebSite\",\"@id\":\"https:\/\/www.areadeluxe.com\/es\/#website\",\"url\":\"https:\/\/www.areadeluxe.com\/es\/\",\"name\":\"\\u00c1rea Deluxe\",\"description\":\"Distribuidor Oficial de Bandalux\",\"publisher\":{\"@id\":\"https:\/\/www.areadeluxe.com\/es\/#organization\"},\"potentialAction\":[{\"@type\":\"SearchAction\",\"target\":\"https:\/\/www.areadeluxe.com\/es\/?s={search_term_string}\",\"query-input\":\"required name=search_term_string\"}],\"inLanguage\":\"es\"},{\"@type\":\"ImageObject\",\"@id\":\"https:\/\/www.areadeluxe.com\/es\/blog\/decoracion-interior\/cortinas-o-estores-enrollables-que-se-adhieren-al-marco-de-la-ventana-o-puerta\/#primaryimage\",\"inLanguage\":\"es\",\"url\":\"https:\/\/www.areadeluxe.com\/wp-content\/uploads\/2021\/04\/Fit-3-e1444996195673.jpg\",\"contentUrl\":\"https:\/\/www.areadeluxe.com\/wp-content\/uploads\/2021\/04\/Fit-3-e1444996195673.jpg\",\"width\":298,\"height\":296},{\"@type\":\"WebPage\",\"@id\":\"https:\/\/www.areadeluxe.com\/es\/blog\/decoracion-interior\/cortinas-o-estores-enrollables-que-se-adhieren-al-marco-de-la-ventana-o-puerta\/#webpage\",\"url\":\"https:\/\/www.areadeluxe.com\/es\/blog\/decoracion-interior\/cortinas-o-estores-enrollables-que-se-adhieren-al-marco-de-la-ventana-o-puerta\/\",\"name\":\"Cortinas o estores enrollables que se adhieren al marco de la ventana o puerta | \\u00c1rea Deluxe\",\"isPartOf\":{\"@id\":\"https:\/\/www.areadeluxe.com\/es\/#website\"},\"primaryImageOfPage\":{\"@id\":\"https:\/\/www.areadeluxe.com\/es\/blog\/decoracion-interior\/cortinas-o-estores-enrollables-que-se-adhieren-al-marco-de-la-ventana-o-puerta\/#primaryimage\"},\"datePublished\":\"2015-10-16T13:52:27+00:00\",\"dateModified\":\"2021-06-01T01:54:18+00:00\",\"breadcrumb\":{\"@id\":\"https:\/\/www.areadeluxe.com\/es\/blog\/decoracion-interior\/cortinas-o-estores-enrollables-que-se-adhieren-al-marco-de-la-ventana-o-puerta\/#breadcrumb\"},\"inLanguage\":\"es\",\"potentialAction\":[{\"@type\":\"ReadAction\",\"target\":[\"https:\/\/www.areadeluxe.com\/es\/blog\/decoracion-interior\/cortinas-o-estores-enrollables-que-se-adhieren-al-marco-de-la-ventana-o-puerta\/\"]}]},{\"@type\":\"BreadcrumbList\",\"@id\":\"https:\/\/www.areadeluxe.com\/es\/blog\/decoracion-interior\/cortinas-o-estores-enrollables-que-se-adhieren-al-marco-de-la-ventana-o-puerta\/#breadcrumb\",\"itemListElement\":[{\"@type\":\"ListItem\",\"position\":1,\"item\":{\"@type\":\"WebPage\",\"@id\":\"https:\/\/www.areadeluxe.com\/es\/\",\"url\":\"https:\/\/www.areadeluxe.com\/es\/\",\"name\":\"Portada\"}},{\"@type\":\"ListItem\",\"position\":2,\"item\":{\"@id\":\"https:\/\/www.areadeluxe.com\/es\/blog\/decoracion-interior\/cortinas-o-estores-enrollables-que-se-adhieren-al-marco-de-la-ventana-o-puerta\/#webpage\"}}]},{\"@type\":\"Article\",\"@id\":\"https:\/\/www.areadeluxe.com\/es\/blog\/decoracion-interior\/cortinas-o-estores-enrollables-que-se-adhieren-al-marco-de-la-ventana-o-puerta\/#article\",\"isPartOf\":{\"@id\":\"https:\/\/www.areadeluxe.com\/es\/blog\/decoracion-interior\/cortinas-o-estores-enrollables-que-se-adhieren-al-marco-de-la-ventana-o-puerta\/#webpage\"},\"author\":{\"@id\":\"https:\/\/www.areadeluxe.com\/es\/#\/schema\/person\/f9fd994eaffeca3fc907c360828eb9be\"},\"headline\":\"Cortinas o estores enrollables que se adhieren al marco de la ventana o puerta\",\"datePublished\":\"2015-10-16T13:52:27+00:00\",\"dateModified\":\"2021-06-01T01:54:18+00:00\",\"mainEntityOfPage\":{\"@id\":\"https:\/\/www.areadeluxe.com\/es\/blog\/decoracion-interior\/cortinas-o-estores-enrollables-que-se-adhieren-al-marco-de-la-ventana-o-puerta\/#webpage\"},\"wordCount\":584,\"commentCount\":0,\"publisher\":{\"@id\":\"https:\/\/www.areadeluxe.com\/es\/#organization\"},\"image\":{\"@id\":\"https:\/\/www.areadeluxe.com\/es\/blog\/decoracion-interior\/cortinas-o-estores-enrollables-que-se-adhieren-al-marco-de-la-ventana-o-puerta\/#primaryimage\"},\"thumbnailUrl\":\"https:\/\/www.areadeluxe.com\/wp-content\/uploads\/2021\/04\/Fit-3-e1444996195673.jpg\",\"articleSection\":[\"Decoraci\\u00f3n Interior\"],\"inLanguage\":\"es\",\"potentialAction\":[{\"@type\":\"CommentAction\",\"name\":\"Comment\",\"target\":[\"https:\/\/www.areadeluxe.com\/es\/blog\/decoracion-interior\/cortinas-o-estores-enrollables-que-se-adhieren-al-marco-de-la-ventana-o-puerta\/#respond\"]}]},{\"@type\":\"Person\",\"@id\":\"https:\/\/www.areadeluxe.com\/es\/#\/schema\/person\/f9fd994eaffeca3fc907c360828eb9be\",\"name\":\"admin\",\"image\":{\"@type\":\"ImageObject\",\"@id\":\"https:\/\/www.areadeluxe.com\/es\/#personlogo\",\"inLanguage\":\"es\",\"url\":\"https:\/\/secure.gravatar.com\/avatar\/1ad4bad2fb3224a4752426ad2591e36f?s=96&d=mm&r=g\",\"contentUrl\":\"https:\/\/secure.gravatar.com\/avatar\/1ad4bad2fb3224a4752426ad2591e36f?s=96&d=mm&r=g\",\"caption\":\"admin\"}}]}<\/script>\n<!-- \/ Yoast SEO plugin. -->","_links":{"self":[{"href":"https:\/\/www.areadeluxe.com\/es\/wp-json\/wp\/v2\/posts\/4523"}],"collection":[{"href":"https:\/\/www.areadeluxe.com\/es\/wp-json\/wp\/v2\/posts"}],"about":[{"href":"https:\/\/www.areadeluxe.com\/es\/wp-json\/wp\/v2\/types\/post"}],"author":[{"embeddable":true,"href":"https:\/\/www.areadeluxe.com\/es\/wp-json\/wp\/v2\/users\/1"}],"replies":[{"embeddable":true,"href":"https:\/\/www.areadeluxe.com\/es\/wp-json\/wp\/v2\/comments?post=4523"}],"version-history":[{"count":2,"href":"https:\/\/www.areadeluxe.com\/es\/wp-json\/wp\/v2\/posts\/4523\/revisions"}],"predecessor-version":[{"id":6507,"href":"https:\/\/www.areadeluxe.com\/es\/wp-json\/wp\/v2\/posts\/4523\/revisions\/6507"}],"wp:featuredmedia":[{"embeddable":true,"href":"https:\/\/www.areadeluxe.com\/es\/wp-json\/wp\/v2\/media\/3059"}],"wp:attachment":[{"href":"https:\/\/www.areadeluxe.com\/es\/wp-json\/wp\/v2\/media?parent=4523"}],"wp:term":[{"taxonomy":"category","embeddable":true,"href":"https:\/\/www.areadeluxe.com\/es\/wp-json\/wp\/v2\/categories?post=4523"},{"taxonomy":"post_tag","embeddable":true,"href":"https:\/\/www.areadeluxe.com\/es\/wp-json\/wp\/v2\/tags?post=4523"}],"curies":[{"name":"wp","href":"https:\/\/api.w.org\/{rel}","templated":true}]}}